{"id":13091,"date":"2025-06-12T11:54:24","date_gmt":"2025-06-12T10:54:24","guid":{"rendered":"https:\/\/www.cliniquebeausejour.tn\/?p=13091"},"modified":"2025-06-13T14:32:08","modified_gmt":"2025-06-13T13:32:08","slug":"4%e1%b5%89-journee-scientifique-anomalies-et-les-malformations-congenitales","status":"publish","type":"post","link":"https:\/\/www.cliniquebeausejour.tn\/?p=13091","title":{"rendered":"4\u1d49 Journ\u00e9e Scientifique &#8211; Anomalies et malformations cong\u00e9nitales"},"content":{"rendered":"\n<p>La Clinique Beau S\u00e9jour a organis\u00e9 le <strong>Mercredi 11 Mai 2025<\/strong> sa <strong>4\u1d49 Journ\u00e9e Scientifique<\/strong> autour du th\u00e8me d\u2019actualit\u00e9 en p\u00e9diatrie et n\u00e9onatologie : <strong>les malformations cong\u00e9nitales \u2013 diagnostic et prise en charge<\/strong>.<br>Un sujet essentiel qui soul\u00e8ve de nombreux d\u00e9fis m\u00e9dicaux, diagnostiques et th\u00e9rapeutiques, qui a \u00e9t\u00e9 abord\u00e9 avec un panel d\u2019intervenants experts :<\/p>\n\n\n\n<ul class=\"wp-block-list\">\n<li><strong>Dr. Olfa Slimani &amp; Dr. Mahdi Makni<\/strong><\/li>\n\n\n\n<li><strong>Dr. In\u00e8s Ouertani<\/strong><\/li>\n\n\n\n<li><strong>Dr. Sonia Blibech<\/strong><\/li>\n\n\n\n<li><strong>Dr. Ridha Chekili<\/strong><\/li>\n<\/ul>\n\n\n\n<p>\ud83d\ude4f Merci \u00e0 tous les participants \u2013m\u00e9decins, personnel param\u00e9dical, invit\u00e9s \u2013 pour votre pr\u00e9sence, votre int\u00e9r\u00eat et vos \u00e9changes enrichissants.<\/p>\n\n\n\n<p><\/p>\n\n\n\n<figure class=\"wp-block-gallery aligncenter has-nested-images columns-default is-cropped wp-block-gallery-1 is-layout-flex wp-block-gallery-is-layout-flex\">\n<figure class=\"wp-block-image size-large\"><img fetchpriority=\"high\" decoding=\"async\" width=\"724\" height=\"1024\" data-id=\"13094\" src=\"https:\/\/www.cliniquebeausejour.tn\/wp-content\/uploads\/2025\/06\/cbs-journee-scientique-malformations-congenitales-724x1024.jpg\" alt=\"\" class=\"wp-image-13094\" srcset=\"https:\/\/www.cliniquebeausejour.tn\/wp-content\/uploads\/2025\/06\/cbs-journee-scientique-malformations-congenitales-724x1024.jpg 724w, https:\/\/www.cliniquebeausejour.tn\/wp-content\/uploads\/2025\/06\/cbs-journee-scientique-malformations-congenitales-212x300.jpg 212w, https:\/\/www.cliniquebeausejour.tn\/wp-content\/uploads\/2025\/06\/cbs-journee-scientique-malformations-congenitales-768x1086.jpg 768w, https:\/\/www.cliniquebeausejour.tn\/wp-content\/uploads\/2025\/06\/cbs-journee-scientique-malformations-congenitales-1086x1536.jpg 1086w, https:\/\/www.cliniquebeausejour.tn\/wp-content\/uploads\/2025\/06\/cbs-journee-scientique-malformations-congenitales-870x1230.jpg 870w, https:\/\/www.cliniquebeausejour.tn\/wp-content\/uploads\/2025\/06\/cbs-journee-scientique-malformations-congenitales-600x849.jpg 600w, https:\/\/www.cliniquebeausejour.tn\/wp-content\/uploads\/2025\/06\/cbs-journee-scientique-malformations-congenitales-480x679.jpg 480w, https:\/\/www.cliniquebeausejour.tn\/wp-content\/uploads\/2025\/06\/cbs-journee-scientique-malformations-congenitales.jpg 1448w\" sizes=\"(max-width: 724px) 100vw, 724px\" \/><\/figure>\n<\/figure>\n\n\n\n<p><\/p>\n","protected":false},"excerpt":{"rendered":"<p>La Clinique Beau S\u00e9jour a organis\u00e9 le Mercredi 11 Mai 2025 sa 4\u1d49 Journ\u00e9e Scientifique autour du th\u00e8me d\u2019actualit\u00e9 en p\u00e9diatrie et n\u00e9onatologie : les malformations cong\u00e9nitales \u2013 diagnostic et prise en charge.Un sujet essentiel qui soul\u00e8ve de nombreux d\u00e9fis m\u00e9dicaux, diagnostiques et th\u00e9rapeutiques, qui a \u00e9t\u00e9 abord\u00e9 avec un panel d\u2019intervenants experts : \ud83d\ude4f Merci \u00e0 tous les participants \u2013m\u00e9decins, personnel param\u00e9dical, invit\u00e9s [&hellip;]<\/p>\n","protected":false},"author":3,"featured_media":12319,"comment_status":"closed","ping_status":"closed","sticky":false,"template":"","format":"standard","meta":{"footnotes":""},"categories":[62],"tags":[],"class_list":["post-13091","post","type-post","status-publish","format-standard","has-post-thumbnail","hentry","category-evenement"],"lang":"fr","translations":{"fr":13091},"pll_sync_post":[],"_links":{"self":[{"href":"https:\/\/www.cliniquebeausejour.tn\/index.php?rest_route=\/wp\/v2\/posts\/13091","targetHints":{"allow":["GET"]}}],"collection":[{"href":"https:\/\/www.cliniquebeausejour.tn\/index.php?rest_route=\/wp\/v2\/posts"}],"about":[{"href":"https:\/\/www.cliniquebeausejour.tn\/index.php?rest_route=\/wp\/v2\/types\/post"}],"author":[{"embeddable":true,"href":"https:\/\/www.cliniquebeausejour.tn\/index.php?rest_route=\/wp\/v2\/users\/3"}],"replies":[{"embeddable":true,"href":"https:\/\/www.cliniquebeausejour.tn\/index.php?rest_route=%2Fwp%2Fv2%2Fcomments&post=13091"}],"version-history":[{"count":6,"href":"https:\/\/www.cliniquebeausejour.tn\/index.php?rest_route=\/wp\/v2\/posts\/13091\/revisions"}],"predecessor-version":[{"id":13098,"href":"https:\/\/www.cliniquebeausejour.tn\/index.php?rest_route=\/wp\/v2\/posts\/13091\/revisions\/13098"}],"wp:featuredmedia":[{"embeddable":true,"href":"https:\/\/www.cliniquebeausejour.tn\/index.php?rest_route=\/wp\/v2\/media\/12319"}],"wp:attachment":[{"href":"https:\/\/www.cliniquebeausejour.tn\/index.php?rest_route=%2Fwp%2Fv2%2Fmedia&parent=13091"}],"wp:term":[{"taxonomy":"category","embeddable":true,"href":"https:\/\/www.cliniquebeausejour.tn\/index.php?rest_route=%2Fwp%2Fv2%2Fcategories&post=13091"},{"taxonomy":"post_tag","embeddable":true,"href":"https:\/\/www.cliniquebeausejour.tn\/index.php?rest_route=%2Fwp%2Fv2%2Ftags&post=13091"}],"curies":[{"name":"wp","href":"https:\/\/api.w.org\/{rel}","templated":true}]}}